{"id":11185,"date":"2015-07-11T17:52:09","date_gmt":"2015-07-11T15:52:09","guid":{"rendered":"http:\/\/www.timlilith-ib.fr\/?p=11185"},"modified":"2018-06-25T05:38:39","modified_gmt":"2018-06-25T03:38:39","slug":"videos-diffusees-lors-de-la-fete-du-village-du-24-janvier-2015","status":"publish","type":"post","link":"https:\/\/www.timlilith-ib.fr\/?p=11185","title":{"rendered":"Vid\u00e9os diffus\u00e9es lors de la f\u00eate du village du 24 Janvier 2015."},"content":{"rendered":"<div id=\"fb-root\"><\/div>\n<p style=\"text-align: justify;\"><a href=\"http:\/\/www.timlilith-ib.fr\/wp-content\/uploads\/2015\/07\/Amara-Amirat.jpg\"><img loading=\"lazy\" decoding=\"async\" class=\"alignleft wp-image-11210\" src=\"http:\/\/www.timlilith-ib.fr\/wp-content\/uploads\/2015\/07\/Amara-Amirat-231x300.jpg\" alt=\"Amara Amirat\" width=\"161\" height=\"209\" srcset=\"https:\/\/www.timlilith-ib.fr\/wp-content\/uploads\/2015\/07\/Amara-Amirat-231x300.jpg 231w, https:\/\/www.timlilith-ib.fr\/wp-content\/uploads\/2015\/07\/Amara-Amirat.jpg 278w\" sizes=\"auto, (max-width: 161px) 100vw, 161px\" \/><\/a>Bonjour \u00e0 toutes et \u00e0 tous,<\/p>\n<p style=\"text-align: justify;\">Lors de la f\u00eate du village de Timlilith-IB, le\u00a024 Janvier 2015, nous avons choisi de rendre hommage \u00e0 l\u2019Association Sportive d\u2019Ighil Bougueni (ASIB), qui a exerc\u00e9 dans notre village Ighil Bougueni entre 1989 et 1997 (<a href=\"http:\/\/www.timlilith-ib.fr\/?p=8757\">Lire cet article<\/a>).<span id=\"more-8757\"><\/span><\/p>\n<p style=\"text-align: justify;\">Nous vous avions promis de publier d\u2019autres vid\u00e9os de cette association au fur et \u00e0 mesure du complet traitement de ces derni\u00e8res. C\u2019est maintenant chose faite. Aussi, nous les diffusons aujourd&rsquo;hui et vous souhaitons un bon visionnement.<!--more--><\/p>\n<p style=\"text-align: justify;\">Timlilith-IB.<\/p>\n<p><iframe loading=\"lazy\" title=\"Exhibition de Karat\u00e9 - Ecole param\u00e9dicale de Tizi\" width=\"474\" height=\"356\" src=\"https:\/\/www.youtube.com\/embed\/9Y6qqy-DDM0?feature=oembed\" frameborder=\"0\" allow=\"accelerometer; autoplay; clipboard-write; encrypted-media; gyroscope; picture-in-picture; web-share\" referrerpolicy=\"strict-origin-when-cross-origin\" allowfullscreen><\/iframe><\/p>\n<p style=\"text-align: justify;\">Remerciements \u00e0 tous les participants, notamment \u00e0 l&rsquo;ami FRIK Ahc\u00e8ne devenu par la suite champion du monde, ainsi qu&rsquo;\u00e0 tous les parents d&rsquo;\u00e9l\u00e8ves pour\u00a0leur confiance et\u00a0heureux\u00a0d&rsquo;avoir entra\u00een\u00e9 tous ces jeunes, filles et gar\u00e7ons, qui demeurent aujourd&rsquo;hui notre fiert\u00e9 \u00a0!<\/p>\n<p>Kamel ATH OUADDA<\/p>\n<p><iframe loading=\"lazy\" title=\"D\u00e9monstration de karat\u00e9 - Amara et Baziz - Ighil B\" width=\"474\" height=\"356\" src=\"https:\/\/www.youtube.com\/embed\/g49RIV9zsPk?feature=oembed\" frameborder=\"0\" allow=\"accelerometer; autoplay; clipboard-write; encrypted-media; gyroscope; picture-in-picture; web-share\" referrerpolicy=\"strict-origin-when-cross-origin\" allowfullscreen><\/iframe><\/p>\n<p style=\"text-align: justify;\">Souvenir d&rsquo;une d\u00e9monstration de\u00a0\u00a0AMIRAT Amara qui \u00e9tait, \u00e0 l&rsquo;\u00e9poque, le plus jeune ceinture noire de karat\u00e9 du village et remerciements \u00e0 A\u00cfT OUADDA Baaziz et A\u00cfT OUFFROUKH Bela\u00efd qui nous ont permis, gr\u00e2ce \u00e0 leurs cam\u00e9ras, d&rsquo;avoir aujourd&rsquo;hui ces magnifiques souvenirs datant de plus de 20 ans.<\/p>\n<p>Kamel ATH OUADDA.<\/p>\n","protected":false},"excerpt":{"rendered":"<p>Bonjour \u00e0 toutes et \u00e0 tous, Lors de la f\u00eate du village de Timlilith-IB, le\u00a024 Janvier 2015, nous avons choisi de rendre hommage \u00e0 l\u2019Association Sportive d\u2019Ighil Bougueni (ASIB), qui a exerc\u00e9 dans notre village Ighil Bougueni entre 1989 et 1997 (Lire cet article). Nous vous avions promis de publier d\u2019autres vid\u00e9os de cette association &hellip; <a href=\"https:\/\/www.timlilith-ib.fr\/?p=11185\" class=\"more-link\">Continuer la lecture de <span class=\"screen-reader-text\">Vid\u00e9os diffus\u00e9es lors de la f\u00eate du village du 24 Janvier 2015.<\/span>  <span class=\"meta-nav\">&rarr;<\/span><\/a><\/p>\n","protected":false},"author":7,"featured_media":0,"comment_status":"open","ping_status":"open","sticky":false,"template":"","format":"standard","meta":{"_jetpack_memberships_contains_paid_content":false,"footnotes":""},"categories":[246],"tags":[31,247,32],"class_list":["post-11185","post","type-post","status-publish","format-standard","hentry","category-sport","tag-ighil-bougueni","tag-karate","tag-sport"],"jetpack_featured_media_url":"","jetpack_sharing_enabled":true,"_links":{"self":[{"href":"https:\/\/www.timlilith-ib.fr\/index.php?rest_route=\/wp\/v2\/posts\/11185","targetHints":{"allow":["GET"]}}],"collection":[{"href":"https:\/\/www.timlilith-ib.fr\/index.php?rest_route=\/wp\/v2\/posts"}],"about":[{"href":"https:\/\/www.timlilith-ib.fr\/index.php?rest_route=\/wp\/v2\/types\/post"}],"author":[{"embeddable":true,"href":"https:\/\/www.timlilith-ib.fr\/index.php?rest_route=\/wp\/v2\/users\/7"}],"replies":[{"embeddable":true,"href":"https:\/\/www.timlilith-ib.fr\/index.php?rest_route=%2Fwp%2Fv2%2Fcomments&post=11185"}],"version-history":[{"count":0,"href":"https:\/\/www.timlilith-ib.fr\/index.php?rest_route=\/wp\/v2\/posts\/11185\/revisions"}],"wp:attachment":[{"href":"https:\/\/www.timlilith-ib.fr\/index.php?rest_route=%2Fwp%2Fv2%2Fmedia&parent=11185"}],"wp:term":[{"taxonomy":"category","embeddable":true,"href":"https:\/\/www.timlilith-ib.fr\/index.php?rest_route=%2Fwp%2Fv2%2Fcategories&post=11185"},{"taxonomy":"post_tag","embeddable":true,"href":"https:\/\/www.timlilith-ib.fr\/index.php?rest_route=%2Fwp%2Fv2%2Ftags&post=11185"}],"curies":[{"name":"wp","href":"https:\/\/api.w.org\/{rel}","templated":true}]}}