{"id":17989,"date":"2017-03-23T14:49:22","date_gmt":"2017-03-23T13:49:22","guid":{"rendered":"http:\/\/www.timlilith-ib.fr\/?p=17989"},"modified":"2018-06-28T00:26:08","modified_gmt":"2018-06-27T22:26:08","slug":"appel-a-cotisation-annuelle-ordinaire-caisse-de-deces-2","status":"publish","type":"post","link":"https:\/\/www.timlilith-ib.fr\/?p=17989","title":{"rendered":"Appel \u00e0 cotisation annuelle ordinaire \u00ab\u00a0Caisse De D\u00e9c\u00e8s\u00a0\u00bb."},"content":{"rendered":"<div id=\"fb-root\"><\/div>\n<figure id=\"attachment_13248\" aria-describedby=\"caption-attachment-13248\" style=\"width: 750px\" class=\"wp-caption aligncenter\"><a href=\"http:\/\/www.timlilith-ib.fr\/wp-content\/uploads\/2016\/03\/Timlilith-IB-Les-origines-2.jpg\" rel=\"attachment wp-att-13248\"><img loading=\"lazy\" decoding=\"async\" class=\"wp-image-13248\" src=\"http:\/\/www.timlilith-ib.fr\/wp-content\/uploads\/2016\/03\/Timlilith-IB-Les-origines-2.jpg\" alt=\"\" width=\"750\" height=\"500\" srcset=\"https:\/\/www.timlilith-ib.fr\/wp-content\/uploads\/2016\/03\/Timlilith-IB-Les-origines-2.jpg 750w, https:\/\/www.timlilith-ib.fr\/wp-content\/uploads\/2016\/03\/Timlilith-IB-Les-origines-2-300x200.jpg 300w, https:\/\/www.timlilith-ib.fr\/wp-content\/uploads\/2016\/03\/Timlilith-IB-Les-origines-2-600x400.jpg 600w\" sizes=\"auto, (max-width: 750px) 100vw, 750px\" \/><\/a><figcaption id=\"caption-attachment-13248\" class=\"wp-caption-text\">Comit\u00e9 du village d\u2019Ighil Bougueni- Ann\u00e9e 1952 \u2013 Bois de Boulogne : Premier rang allong\u00e9s : MEZIANE Larbi, MEZIANE Youssef, MEZIANE Oualhadj 2\u00e8me rang assis : SAHRIDJ Mouloud, A\u00cfT CHELLOUCHE Idir, A\u00cfT OUADDA Salem, MOUFFOK Ahmed, BAKIR Mohand (Ma\u025bmu), MEZIANE Azouaw, RAHMOUNE Hamou, A\u00cfT CHELLOUCHE Belaid, 3\u00e8me rang debouts : OUFFROUKH Mohand, OULD FEROUKH Mohand Ouramdane, BAKIR Amokrane, BAKIR Abdelkader, OUFFROUKH Bazi, A\u00cfT OUARAB B\u00e9la\u00efd, BAKIR Akli, Chabane Amokrane FERROUKH , OUCHELLOUCHE Messaoud, MOUFFOK Boudjema. La personne manquante a \u00e9t\u00e9 identifi\u00e9e. Il s\u2019agit de Chabane Amokrane Hamou le neveu de Sa\u00efd Hamou (Cf. Vid\u00e9o de t\u00e9moignage de Bakir Akli) <a href=\"https:\/\/www.youtube.com\/watch?v=FHBekIqqiXU\">https:\/\/www.youtube.com\/watch?v=FHBekIqqiXU<\/a><\/figcaption><\/figure>\n<p>&nbsp;<\/p>\n<p>Bonjour \u00e0 toutes et \u00e0 tous,<\/p>\n<p style=\"text-align: justify;\">Comme rappel\u00e9 r\u00e9cemment sur ce site (<a href=\"http:\/\/www.timlilith-ib.fr\/?p=12059\" target=\"_blank\">voir article<\/a>), l<strong>a collecte annuelle ordinaire des cotisations \u00ab\u00a0caisse de d\u00e9c\u00e8s\u00a0\u00bb <\/strong>sera d\u00e9sormais r\u00e9alis\u00e9e durant\u00a0le <span id=\"yiv4229000737yui_3_16_0_1_1456931490699_5039\">2\u00e8me dimanche du mois d\u2019avril<\/span> de chaque ann\u00e9e.<!--more--><\/p>\n<p style=\"text-align: justify;\">Nous invitons donc l\u2019ensemble de la communaut\u00e9 originaire du village Ighil Bougueni participant \u00e0 la \u00ab\u00a0caisse de d\u00e9c\u00e8s\u00a0\u00bb, <strong>\u00e0 se rapprocher le plus rapidement possible des d\u00e9l\u00e9gu\u00e9s\/repr\u00e9sentants leur famille<\/strong> afin de s\u2019acquitter de leurs cotisations annuelles fix\u00e9es \u00e0<strong>\u00a020 \u20ac par adultes et 10 \u20ac pour les mineurs (moins de 18 ans).<\/strong>\u00a0Une <strong>\u00ab\u00a0mise \u00e0 jour\u00a0\u00bb<\/strong>\u00a0de nos listes d&rsquo;adh\u00e9rents \u00e0 cette caisse d\u00e9c\u00e8s, en cours, nous am\u00e8ne \u00e0 vous demander de nous transmettre avec votre ch\u00e8que libell\u00e9 \u00e0 l&rsquo;ordre de Timlilith-IB<span style=\"text-decoration: underline;\"><strong> vos cordonn\u00e9es :\u00a0<\/strong><\/span><\/p>\n<ul>\n<li>Nom, Pr\u00e9nom<\/li>\n<li>Date de naissance des mineurs<\/li>\n<li>Adresse du domicile<\/li>\n<li>Adresse e-mail<\/li>\n<li>Num\u00e9ro de t\u00e9l\u00e9phone fixe et portable.<\/li>\n<\/ul>\n<p style=\"text-align: justify;\"><strong>Une r\u00e9union est pr\u00e9vue \u00e0 cet effet le dimanche 9\u00a0avril 2017<\/strong>\u00a0pour faire le point (mise \u00e0 jour des listes, centralisation des cotisations aupr\u00e8s du tr\u00e9sorier de Timlilith-Ighil Bougueni). Merci aux d\u00e9l\u00e9gu\u00e9s\/repr\u00e9sentants des diff\u00e9rentes familles d\u2019adresser le plus rapidement possible au tr\u00e9sorier, M. Chabane AIT OUFEROUKH et au tr\u00e9sorier adjoint, M. Nacer SAHRIDJ, les listes mises \u00e0 jour.<\/p>\n<p style=\"text-align: justify;\">Nous vous rappelons que la \u00ab\u00a0Caisse de D\u00e9c\u00e8s\u00a0\u00bb repose sur le principe de la <strong>solidarit\u00e9<\/strong>. Chaque membre de la communaut\u00e9 immigr\u00e9e, originaire du village Ighil Bougueni, souhaitant se faire inhumer en France ou en Alg\u00e9rie aupr\u00e8s des siens, verse volontairement et r\u00e9guli\u00e8rement une modeste contribution \u00e0 cette caisse commune. Ainsi, dans ces moments difficiles pour les familles concern\u00e9es, le rapatriement des corps peut \u00eatre financ\u00e9 dans les meilleures conditions possibles par la solidarit\u00e9 collective. Le prestataire choisi par l&rsquo;association Timlilith-IB s&rsquo;occupe de toutes les formalit\u00e9s et du rapatriement jusqu&rsquo;au village. Le fonctionnement de cette contribution repose depuis des dizaines d\u2019ann\u00e9es sur le d\u00e9vouement de b\u00e9n\u00e9voles, qui se sont port\u00e9s volontaires en tant que d\u00e9l\u00e9gu\u00e9s\/repr\u00e9sentants des diff\u00e9rentes familles composant notre communaut\u00e9 pour recueillir et centraliser les listes et cotisations. Nous rappelons, aussi, que cette caisse de solidarit\u00e9 fait partie int\u00e9grante des activit\u00e9s de Timlilith-IB qui en assure sa gestion.<\/p>\n<p style=\"text-align: justify;\">Bien \u00e0 vous.<\/p>\n<p style=\"text-align: justify;\">Timlilith-Ighil Bougueni<\/p>\n","protected":false},"excerpt":{"rendered":"<p>&nbsp; Bonjour \u00e0 toutes et \u00e0 tous, Comme rappel\u00e9 r\u00e9cemment sur ce site (voir article), la collecte annuelle ordinaire des cotisations \u00ab\u00a0caisse de d\u00e9c\u00e8s\u00a0\u00bb sera d\u00e9sormais r\u00e9alis\u00e9e durant\u00a0le 2\u00e8me dimanche du mois d\u2019avril de chaque ann\u00e9e.<\/p>\n","protected":false},"author":1,"featured_media":0,"comment_status":"open","ping_status":"open","sticky":false,"template":"","format":"standard","meta":{"_jetpack_memberships_contains_paid_content":false,"footnotes":""},"categories":[231],"tags":[],"class_list":["post-17989","post","type-post","status-publish","format-standard","hentry","category-infos-caisse-deces"],"jetpack_featured_media_url":"","jetpack_sharing_enabled":true,"_links":{"self":[{"href":"https:\/\/www.timlilith-ib.fr\/index.php?rest_route=\/wp\/v2\/posts\/17989","targetHints":{"allow":["GET"]}}],"collection":[{"href":"https:\/\/www.timlilith-ib.fr\/index.php?rest_route=\/wp\/v2\/posts"}],"about":[{"href":"https:\/\/www.timlilith-ib.fr\/index.php?rest_route=\/wp\/v2\/types\/post"}],"author":[{"embeddable":true,"href":"https:\/\/www.timlilith-ib.fr\/index.php?rest_route=\/wp\/v2\/users\/1"}],"replies":[{"embeddable":true,"href":"https:\/\/www.timlilith-ib.fr\/index.php?rest_route=%2Fwp%2Fv2%2Fcomments&post=17989"}],"version-history":[{"count":0,"href":"https:\/\/www.timlilith-ib.fr\/index.php?rest_route=\/wp\/v2\/posts\/17989\/revisions"}],"wp:attachment":[{"href":"https:\/\/www.timlilith-ib.fr\/index.php?rest_route=%2Fwp%2Fv2%2Fmedia&parent=17989"}],"wp:term":[{"taxonomy":"category","embeddable":true,"href":"https:\/\/www.timlilith-ib.fr\/index.php?rest_route=%2Fwp%2Fv2%2Fcategories&post=17989"},{"taxonomy":"post_tag","embeddable":true,"href":"https:\/\/www.timlilith-ib.fr\/index.php?rest_route=%2Fwp%2Fv2%2Ftags&post=17989"}],"curies":[{"name":"wp","href":"https:\/\/api.w.org\/{rel}","templated":true}]}}