{"id":18319,"date":"2017-06-29T08:29:17","date_gmt":"2017-06-29T06:29:17","guid":{"rendered":"http:\/\/www.timlilith-ib.fr\/?p=18319"},"modified":"2020-02-10T14:12:39","modified_gmt":"2020-02-10T13:12:39","slug":"projet-des-3-fontaines-focus-sur-lecole-du-village","status":"publish","type":"post","link":"https:\/\/www.timlilith-ib.fr\/?p=18319","title":{"rendered":"Projet des 3 fontaines : focus sur l&rsquo;\u00e9cole du village"},"content":{"rendered":"<div id=\"fb-root\"><\/div>\n<p><img loading=\"lazy\" decoding=\"async\" class=\"size-full wp-image-26618 aligncenter\" src=\"http:\/\/www.timlilith-ib.fr\/wp-content\/uploads\/2016\/11\/logos-tib-asib-et-finaceurs.jpg\" alt=\"\" width=\"406\" height=\"243\" data-wp-pid=\"26618\" \/><\/p>\n<p style=\"text-align: justify;\">Bonjour \u00e0 toutes et \u00e0 tous,<\/p>\n<p style=\"text-align: justify;\">Comme vous l&rsquo;avez sans doute not\u00e9, l&rsquo;\u00e9cole primaire du village Ighil Bougueni est partenaire du projet des 3 fontaines. Nous profitons des avanc\u00e9es r\u00e9centes de ce projet pour:<\/p>\n<ul>\n<li style=\"text-align: justify;\">Faire le point sur la participation de l&rsquo;\u00e9cole.<\/li>\n<li style=\"text-align: justify;\">Vous pr\u00e9senter, \u00e0 la fin de cet article, une interview du nouveau directeur. Il nous y pr\u00e9sente l&rsquo;\u00e9cole mais aussi les projets qu&rsquo;il souhaite y mettre en place dans les mois qui viennent.<\/li>\n<\/ul>\n<p><!--more--><\/p>\n<p style=\"text-align: justify;\">Lors de la conception de ce projet en concertation avec l&rsquo;association sociale du comit\u00e9 du village (ASIB), il avait \u00e9t\u00e9 envisag\u00e9 un objectif phare en direction des enfants de l&rsquo;\u00e9cole : les sensibiliser \u00e0 une utilisation responsable et \u00e9conome de l\u2019eau potable et \u00e0 sa pr\u00e9servation.<\/p>\n<p style=\"text-align: justify;\">Apr\u00e8s une premi\u00e8re entrevue avec la directrice de l&rsquo;\u00e9cole en 05\/2016, le repr\u00e9sentant de Timlilith Ighil Bougueni et les enseignantes de l&rsquo;\u00e9cole se sont retrouv\u00e9s le 13 novembre 2016 pour fixer les modalit\u00e9s principales de la participation de l&rsquo;\u00e9cole. Durant cette r\u00e9union, les enseignantes ont signal\u00e9 que la question de l&rsquo;utilisation de l&rsquo;eau est au programme scolaire. Elles ont aussi souhait\u00e9 que les enfants puissent se d\u00e9placer \u00e0 l&rsquo;endroit des fontaines actuelles (Lainser et Sahridj) pour susciter des interrogations li\u00e9es \u00e0 l&rsquo;origine de l&rsquo;eau, les difficult\u00e9s de son acheminement au village pour son utilisation dans la vie quotidienne.<\/p>\n<p style=\"text-align: justify;\">Cette r\u00e9union avait permis de planifier plusieurs actions que l&rsquo;\u00e9cole pourrait r\u00e9aliser dans le cadre de ce projet :<\/p>\n<ul>\n<li style=\"text-align: justify;\"><strong>L&rsquo;organisation de 2 sessions de sensibilisation sur l\u2019utilisation responsable et \u00e9conome de l\u2019eau pour chacune des 3 classes de l\u2019\u00e9cole:<\/strong> Une premi\u00e8re session en d\u00e9but d\u2019ann\u00e9e et une autre \u00e0 la rentr\u00e9e scolaire 2017\/2018. Le planning d\u00e9taill\u00e9 a \u00e9t\u00e9 laiss\u00e9 \u00e0 la discr\u00e9tion des enseignantes de l&rsquo;\u00e9cole. Depuis, la premi\u00e8re session de sensibilisation a eu lieu en mars 2017 parall\u00e8lement aux 2 volontariats qui ont permis de creuser la conduite. Elle s&rsquo;est d\u00e9roul\u00e9e sur plusieurs s\u00e9ances. Les enfants se sont particuli\u00e8rement int\u00e9ress\u00e9s \u00e0 la fa\u00e7on dont l\u2019eau sera conduite du contrebas du village vers le village et les lieux choisis pour les futures fontaines. Certains d\u2019entre eux ont \u00e9mis des id\u00e9es d\u2019am\u00e9nagement (pr\u00e9sence de jarres, du symbole \u2d63 faisant r\u00e9f\u00e9rence aux Imazighen, de plusieurs robinets par fontaine, d\u2019espaces verts et de pots de fleurs autour des fontaines). Les enfants du village se sont d&rsquo;ailleurs beaucoup impliqu\u00e9s dans ces volontariats (notamment le premier) au c\u00f4t\u00e9 et sous la surveillance des adultes apportant ainsi leur contribution directe \u00e0 la construction des fontaines (voir <a href=\"http:\/\/www.timlilith-ib.fr\/?p=17789\" target=\"_blank\" rel=\"noopener noreferrer\">ici<\/a> et <a href=\"http:\/\/www.timlilith-ib.fr\/?p=17825\" target=\"_blank\" rel=\"noopener noreferrer\">l\u00e0<\/a>).<\/li>\n<\/ul>\n<p><img loading=\"lazy\" decoding=\"async\" src=\"http:\/\/www.timlilith-ib.fr\/wp-content\/uploads\/2017\/03\/Rel\u00e8ve.jpg\" alt=\"\" width=\"696\" height=\"523\" \/><\/p>\n<p><img loading=\"lazy\" decoding=\"async\" src=\"http:\/\/www.timlilith-ib.fr\/wp-content\/uploads\/2017\/03\/IMG_20170310_130057.jpg\" alt=\"\" width=\"652\" height=\"366\" \/><\/p>\n<ul>\n<li style=\"text-align: justify;\"><strong>L&rsquo;organisation, \u00e0 l&rsquo;\u00e9cole, d\u2019un concours de dessins de fontaines qui devrait permettre aux enfants de participer indirectement \u00e0 la conception des fontaines.<\/strong> Le principe \u00e9tait de demander aux enfants de dessiner la fontaine id\u00e9ale telle qu\u2019ils l\u2019imaginent, en s\u2019inspirant de ce qu\u2019ils auront vu dans leur vie quotidienne ou dans les livres. Ces dessins ont \u00e9t\u00e9 r\u00e9alis\u00e9s par les \u00e9coliers au courant du mois de mars 2017. Les 53 dessins r\u00e9alis\u00e9s par les \u00e9coliers du village vous sont pr\u00e9sent\u00e9s ci dessous. Comme vous le constatez, l&rsquo;imagination de nos enfants est prolifique.<\/li>\n<\/ul>\n<figure><a href=\"http:\/\/www.timlilith-ib.fr\/wp-content\/uploads\/2017\/06\/dessin-1-\u00e0-16.jpg\"><img decoding=\"async\" src=\"http:\/\/www.timlilith-ib.fr\/wp-content\/uploads\/2017\/06\/dessin-1-\u00e0-16.jpg\" alt=\"dessin 1 \u00e0 16\" \/><\/a><\/figure>\n<figure><a href=\"http:\/\/www.timlilith-ib.fr\/wp-content\/uploads\/2017\/06\/dessin-17-\u00e0-29.jpg\"><img decoding=\"async\" src=\"http:\/\/www.timlilith-ib.fr\/wp-content\/uploads\/2017\/06\/dessin-17-\u00e0-29.jpg\" alt=\"dessin 17 \u00e0 29\" \/><\/a><\/figure>\n<figure><a href=\"http:\/\/www.timlilith-ib.fr\/wp-content\/uploads\/2017\/06\/dessin-30-\u00e0-41.jpg\"><img decoding=\"async\" src=\"http:\/\/www.timlilith-ib.fr\/wp-content\/uploads\/2017\/06\/dessin-30-\u00e0-41.jpg\" alt=\"dessin 30 \u00e0 41\" \/><\/a><\/figure>\n<figure><a href=\"http:\/\/www.timlilith-ib.fr\/wp-content\/uploads\/2017\/06\/dessin-42-\u00e0-54.jpg\"><img decoding=\"async\" src=\"http:\/\/www.timlilith-ib.fr\/wp-content\/uploads\/2017\/06\/dessin-42-\u00e0-54.jpg\" alt=\"dessin 42 \u00e0 54\" \/><\/a><\/figure>\n<figure><a href=\"http:\/\/www.timlilith-ib.fr\/wp-content\/uploads\/2017\/06\/dessin-55-\u00e0-59.jpg\"><img decoding=\"async\" src=\"http:\/\/www.timlilith-ib.fr\/wp-content\/uploads\/2017\/06\/dessin-55-\u00e0-59.jpg\" alt=\"dessin 55 \u00e0 59\" \/><\/a><\/figure>\n<p style=\"text-align: justify;\">Trois dessins (N\u00b0 34, 56 et 57) ont \u00e9t\u00e9 s\u00e9lectionn\u00e9s lors de la r\u00e9union des femmes du village du 25 mai dernier (voir <a href=\"http:\/\/www.timlilith-ib.fr\/?p=18248\" target=\"_blank\" rel=\"noopener noreferrer\">ici<\/a>). Ces dessins ont \u00e9t\u00e9 transmis \u00e0 l&rsquo;architecte et l&rsquo;ing\u00e9nieur en g\u00e9nie civil en charge du suivi des travaux. L&rsquo;id\u00e9e g\u00e9n\u00e9rale \u00e9tant, non pas de construire les fontaines telles qu&rsquo;elle sont repr\u00e9sent\u00e9es dans ces dessins, mais que les am\u00e9nagements ext\u00e9rieurs des futures fontaines s&rsquo;inspirent non seulement des 3 dessins s\u00e9lectionn\u00e9s mais de tous les autres aussi.<\/p>\n<ul>\n<li style=\"text-align: justify;\"><strong>Mise \u00e0 disposition d\u2019un support<\/strong> <strong>de pr\u00e9sentation concernant les sources d\u2019eau, les fontaines \u00e0 mettre en place, leurs r\u00e8gles d\u2019utilisation.<\/strong> Ce support sera ensuite distribu\u00e9 aux enfants sous la forme d\u2019une brochure. Comme la question de l&rsquo;utilisation de l&rsquo;eau est au programme scolaire, la premi\u00e8re session de sensibilisation de mars 2017 n&rsquo;a pas n\u00e9cessit\u00e9 de support suppl\u00e9mentaire.\u00a0 Pour la deuxi\u00e8me session de septembre, un tel support sera mis \u00e0 disposition des enseignantes de l&rsquo;\u00e9cole. il comportera entre autres l&rsquo;iconographie des diff\u00e9rentes \u00e9tapes de ce projet.<\/li>\n<\/ul>\n<p style=\"text-align: justify;\">Comme vous le constatez, la contribution de l&rsquo;\u00e9cole a \u00e9t\u00e9 tr\u00e8s importante pour concr\u00e9tiser ce versant du projet des 3 fontaines. Nous tenons \u00e0 remercier ici l&rsquo;ancienne directrice mais aussi le nouveau directeur ainsi que les enseignantes de cette \u00e9cole pour leur soutien et participation.<\/p>\n<p style=\"text-align: justify;\">Le repr\u00e9sentant de Timlilith Ighil Bougueni a rencontr\u00e9 r\u00e9cemment le nouveau directeur de l&rsquo;\u00e9cole primaire du village Ighil Bougueni, M. Lounis AIT MEZIANE. Cette rencontre a \u00e9t\u00e9 l&rsquo;occasion de r\u00e9aliser une interview durant laquelle il a annonc\u00e9 un certain nombre de projets qu&rsquo;il souhaite mettre en place \u00e0 l&rsquo;\u00e9cole en accord avec sa tutelle. Vous comprendrez bien que pour mener \u00e0 bien ces projets, le directeurs et les enseignantes de l&rsquo;\u00e9cole ont besoin du soutien des villageois mais aussi de notre communaut\u00e9 \u00e9tablie \u00e0 l&rsquo;\u00e9tranger. Si vous vous rendez au village durant cet \u00e9t\u00e9, n\u2019h\u00e9sitez pas \u00e0 contacter M. Lounis AIT MEZIANE pour l\u2019encourager et qui sait, pour lui apporter votre aide et soutien.<\/p>\n<p>A bient\u00f4t.<\/p>\n<p>Timlilith Ighil Bougueni<\/p>\n<p><iframe loading=\"lazy\" title=\"Interview du directeur de l&#039;\u00e9cole primaire d&#039;Ighil Bougueni - 2017\" width=\"474\" height=\"267\" src=\"https:\/\/www.youtube.com\/embed\/9JJU2bF8Flo?feature=oembed\" frameborder=\"0\" allow=\"accelerometer; autoplay; clipboard-write; encrypted-media; gyroscope; picture-in-picture; web-share\" referrerpolicy=\"strict-origin-when-cross-origin\" allowfullscreen><\/iframe><\/p>\n","protected":false},"excerpt":{"rendered":"<p>Bonjour \u00e0 toutes et \u00e0 tous, Comme vous l&rsquo;avez sans doute not\u00e9, l&rsquo;\u00e9cole primaire du village Ighil Bougueni est partenaire du projet des 3 fontaines. Nous profitons des avanc\u00e9es r\u00e9centes de ce projet pour: Faire le point sur la participation de l&rsquo;\u00e9cole. Vous pr\u00e9senter, \u00e0 la fin de cet article, une interview du nouveau directeur. &hellip; <a href=\"https:\/\/www.timlilith-ib.fr\/?p=18319\" class=\"more-link\">Continuer la lecture de <span class=\"screen-reader-text\">Projet des 3 fontaines : focus sur l&rsquo;\u00e9cole du village<\/span>  <span class=\"meta-nav\">&rarr;<\/span><\/a><\/p>\n","protected":false},"author":63,"featured_media":18322,"comment_status":"open","ping_status":"open","sticky":false,"template":"","format":"standard","meta":{"_jetpack_memberships_contains_paid_content":false,"footnotes":""},"categories":[239],"tags":[263],"class_list":["post-18319","post","type-post","status-publish","format-standard","has-post-thumbnail","hentry","category-projets","tag-ecole-primaire-du-village"],"jetpack_featured_media_url":"https:\/\/www.timlilith-ib.fr\/wp-content\/uploads\/2017\/06\/portail-ecole.jpg","jetpack_sharing_enabled":true,"_links":{"self":[{"href":"https:\/\/www.timlilith-ib.fr\/index.php?rest_route=\/wp\/v2\/posts\/18319","targetHints":{"allow":["GET"]}}],"collection":[{"href":"https:\/\/www.timlilith-ib.fr\/index.php?rest_route=\/wp\/v2\/posts"}],"about":[{"href":"https:\/\/www.timlilith-ib.fr\/index.php?rest_route=\/wp\/v2\/types\/post"}],"author":[{"embeddable":true,"href":"https:\/\/www.timlilith-ib.fr\/index.php?rest_route=\/wp\/v2\/users\/63"}],"replies":[{"embeddable":true,"href":"https:\/\/www.timlilith-ib.fr\/index.php?rest_route=%2Fwp%2Fv2%2Fcomments&post=18319"}],"version-history":[{"count":0,"href":"https:\/\/www.timlilith-ib.fr\/index.php?rest_route=\/wp\/v2\/posts\/18319\/revisions"}],"wp:featuredmedia":[{"embeddable":true,"href":"https:\/\/www.timlilith-ib.fr\/index.php?rest_route=\/wp\/v2\/media\/18322"}],"wp:attachment":[{"href":"https:\/\/www.timlilith-ib.fr\/index.php?rest_route=%2Fwp%2Fv2%2Fmedia&parent=18319"}],"wp:term":[{"taxonomy":"category","embeddable":true,"href":"https:\/\/www.timlilith-ib.fr\/index.php?rest_route=%2Fwp%2Fv2%2Fcategories&post=18319"},{"taxonomy":"post_tag","embeddable":true,"href":"https:\/\/www.timlilith-ib.fr\/index.php?rest_route=%2Fwp%2Fv2%2Ftags&post=18319"}],"curies":[{"name":"wp","href":"https:\/\/api.w.org\/{rel}","templated":true}]}}