{"id":23313,"date":"2018-05-31T19:00:35","date_gmt":"2018-05-31T17:00:35","guid":{"rendered":"http:\/\/www.timlilith-ib.fr\/?p=23313"},"modified":"2018-06-24T20:51:03","modified_gmt":"2018-06-24T18:51:03","slug":"les-associations-du-village-ighil-bougueni-fetent-demain-1er-juin-la-journee-internationale-de-lenfance","status":"publish","type":"post","link":"https:\/\/www.timlilith-ib.fr\/?p=23313","title":{"rendered":"Les associations du village Ighil Bougueni f\u00eatent demain, 1er Juin, la journ\u00e9e internationale de l&rsquo;enfance."},"content":{"rendered":"<div id=\"fb-root\"><\/div>\n<p style=\"text-align: justify;\"><a href=\"http:\/\/www.timlilith-ib.fr\/wp-content\/uploads\/2018\/05\/Journ\u00e9e-internationale-de-lenfant-.jpg\"><img loading=\"lazy\" decoding=\"async\" class=\"aligncenter size-full wp-image-23314\" src=\"http:\/\/www.timlilith-ib.fr\/wp-content\/uploads\/2018\/05\/Journ\u00e9e-internationale-de-lenfant-.jpg\" alt=\"\" width=\"339\" height=\"480\" data-wp-pid=\"23314\" \/><\/a><\/p>\n<p style=\"text-align: justify;\">Bonjour \u00e0 toutes et \u00e0 tous,<\/p>\n<p style=\"text-align: justify;\">Apr\u00e8s l&rsquo;annonce de l&rsquo;ASIB,\u00a0<a href=\"http:\/\/www.timlilith-ib.fr\/?page_id=13347\">(Cf. article paru dans l&rsquo;onglet \u00ab\u00a0Nouvelles du village\u00a0\u00bb)<\/a> qui organise un cross pour les enfants, filles et gar\u00e7ons, le 1er juin 2018, nous publions, ci-dessous, le programme de cette journ\u00e9e internationale de l&rsquo;enfance organis\u00e9e conjointement par les 3 associations du village : <em><strong>\u00ab\u00a0<a href=\"http:\/\/www.timlilith-ib.fr\/?p=22808\">l&rsquo;Association culturelle Tagmats Ighil Bougueni\u00a0\u00bb, \u00ab\u00a0L&rsquo;association sportive Ighil Bougueni (ASIB)\u00a0\u00bb, et \u00ab\u00a0L&rsquo;association sociale Tadukli Ighil Bougueni<\/a>\u00a0\u00bb :<\/strong><\/em><\/p>\n<ul>\n<li style=\"text-align: justify;\">9h00\u00a0 \u00a0:\u00a0 Cross des enfants, filles et gar\u00e7ons,<\/li>\n<li style=\"text-align: justify;\">13h00 : Ateliers de dessins ouverts uniquement aux enfants,<\/li>\n<li style=\"text-align: justify;\">21h00 : Pr\u00e9paration,\u00a0 maquillage des enfants au foyer des jeunes,<\/li>\n<li style=\"text-align: justify;\">22h00 : Activit\u00e9s culturelles : th\u00e9\u00e2tre, chorale, chant individuel, po\u00e9sie et soir\u00e9e musicale \u00e0 la plateforme du village.<\/li>\n<\/ul>\n<p style=\"text-align: justify;\">Tr\u00e8s belle initiative que Timlilith-IB salue, relaye avec plaisir sur son site internet et ses r\u00e9seaux sociaux et souhaite, par la m\u00eame occasion, une tr\u00e8s belle journ\u00e9e et une tr\u00e8s belle soir\u00e9e aux enfants du village, \u00e0 leurs parents et \u00e0 tous les villageois d&rsquo;Ighil Bougueni. Nous aurions aim\u00e9 \u00eatre parmi vous pour f\u00eater avec vous cet \u00e9v\u00e9nement.<\/p>\n<p style=\"text-align: justify;\">Fraternellement.<\/p>\n<p style=\"text-align: justify;\">Timlilith-IB.<\/p>\n","protected":false},"excerpt":{"rendered":"<p>Bonjour \u00e0 toutes et \u00e0 tous, Apr\u00e8s l&rsquo;annonce de l&rsquo;ASIB,\u00a0(Cf. article paru dans l&rsquo;onglet \u00ab\u00a0Nouvelles du village\u00a0\u00bb) qui organise un cross pour les enfants, filles et gar\u00e7ons, le 1er juin 2018, nous publions, ci-dessous, le programme de cette journ\u00e9e internationale de l&rsquo;enfance organis\u00e9e conjointement par les 3 associations du village : \u00ab\u00a0l&rsquo;Association culturelle Tagmats Ighil &hellip; <a href=\"https:\/\/www.timlilith-ib.fr\/?p=23313\" class=\"more-link\">Continuer la lecture de <span class=\"screen-reader-text\">Les associations du village Ighil Bougueni f\u00eatent demain, 1er Juin, la journ\u00e9e internationale de l&rsquo;enfance.<\/span>  <span class=\"meta-nav\">&rarr;<\/span><\/a><\/p>\n","protected":false},"author":1,"featured_media":0,"comment_status":"open","ping_status":"open","sticky":false,"template":"","format":"standard","meta":{"_jetpack_memberships_contains_paid_content":false,"footnotes":""},"categories":[21],"tags":[],"class_list":["post-23313","post","type-post","status-publish","format-standard","hentry","category-infos-village"],"jetpack_featured_media_url":"","jetpack_sharing_enabled":true,"_links":{"self":[{"href":"https:\/\/www.timlilith-ib.fr\/index.php?rest_route=\/wp\/v2\/posts\/23313","targetHints":{"allow":["GET"]}}],"collection":[{"href":"https:\/\/www.timlilith-ib.fr\/index.php?rest_route=\/wp\/v2\/posts"}],"about":[{"href":"https:\/\/www.timlilith-ib.fr\/index.php?rest_route=\/wp\/v2\/types\/post"}],"author":[{"embeddable":true,"href":"https:\/\/www.timlilith-ib.fr\/index.php?rest_route=\/wp\/v2\/users\/1"}],"replies":[{"embeddable":true,"href":"https:\/\/www.timlilith-ib.fr\/index.php?rest_route=%2Fwp%2Fv2%2Fcomments&post=23313"}],"version-history":[{"count":0,"href":"https:\/\/www.timlilith-ib.fr\/index.php?rest_route=\/wp\/v2\/posts\/23313\/revisions"}],"wp:attachment":[{"href":"https:\/\/www.timlilith-ib.fr\/index.php?rest_route=%2Fwp%2Fv2%2Fmedia&parent=23313"}],"wp:term":[{"taxonomy":"category","embeddable":true,"href":"https:\/\/www.timlilith-ib.fr\/index.php?rest_route=%2Fwp%2Fv2%2Fcategories&post=23313"},{"taxonomy":"post_tag","embeddable":true,"href":"https:\/\/www.timlilith-ib.fr\/index.php?rest_route=%2Fwp%2Fv2%2Ftags&post=23313"}],"curies":[{"name":"wp","href":"https:\/\/api.w.org\/{rel}","templated":true}]}}