{"id":25800,"date":"2019-08-17T11:47:20","date_gmt":"2019-08-17T09:47:20","guid":{"rendered":"http:\/\/www.timlilith-ib.fr\/?p=25800"},"modified":"2019-09-18T03:46:35","modified_gmt":"2019-09-18T01:46:35","slug":"inauguration-de-la-bibliotheque-dighil-bougueni","status":"publish","type":"post","link":"https:\/\/www.timlilith-ib.fr\/?p=25800","title":{"rendered":"Inauguration de la biblioth\u00e8que d\u2019Ighil-Bougueni"},"content":{"rendered":"<div id=\"fb-root\"><\/div>\n\n<div class=\"wp-block-image\"><figure class=\"aligncenter\"><img loading=\"lazy\" decoding=\"async\" width=\"5184\" height=\"3456\" src=\"http:\/\/www.timlilith-ib.fr\/wp-content\/uploads\/2019\/08\/IMG_6121.jpg\" alt=\"\" class=\"wp-image-25801\" srcset=\"https:\/\/www.timlilith-ib.fr\/wp-content\/uploads\/2019\/08\/IMG_6121.jpg 5184w, https:\/\/www.timlilith-ib.fr\/wp-content\/uploads\/2019\/08\/IMG_6121-600x400.jpg 600w, https:\/\/www.timlilith-ib.fr\/wp-content\/uploads\/2019\/08\/IMG_6121-1320x880.jpg 1320w, https:\/\/www.timlilith-ib.fr\/wp-content\/uploads\/2019\/08\/IMG_6121-800x533.jpg 800w, https:\/\/www.timlilith-ib.fr\/wp-content\/uploads\/2019\/08\/IMG_6121-1200x800.jpg 1200w\" sizes=\"auto, (max-width: 5184px) 100vw, 5184px\" \/><\/figure><\/div>\n\n\n\n<p style=\"text-align:justify\">C\u2019est par une belle journ\u00e9e d\u2019un Vendredi ensoleill\u00e9, le 9-Aout-2019 qu\u2019a eu lieu l\u2019inauguration de la biblioth\u00e8que d\u2019Ighil-Bougueni. Un \u00e9v\u00e9nement et une r\u00e9alisation qui s\u2019ajoutent \u00e0 celles d\u00e9j\u00e0 acquises et immortalis\u00e9es par le pass\u00e9. Apr\u00e8s une ann\u00e9e de travail collectif acharn\u00e9, de d\u00e9termination \u00e0 arracher cette maison de jeunes de la d\u00e9gradation et de l\u2019oubli qui l\u2019ont entam\u00e9, voici  venu  le temps de la c\u00e9l\u00e9bration collective. Les efforts continus finissent  forc\u00e9ment par payer. En effet, une biblioth\u00e8que a vu le jour au village Ighil-Bougueni, &#8230;OUI !! c\u2019est une r\u00e9alit\u00e9\u2026!<\/p>\n\n\n\n<!--more-->\n\n\n\n<p>Bonjour \u00e0 toutes et \u00e0 tous,<\/p>\n\n\n\n<p style=\"text-align:justify\">La coordinatrice du Projet de la biblioth\u00e8que et de la maison de jeunes\nMme Ait Ouferoukh Djamila n\u2019a m\u00e9nag\u00e9 aucun effort pour f\u00e9d\u00e9rer tous les acteurs\ndu village autour de ce projet, les trois associations activant au village\nIghil-Bougueni (Tadukli, Tagmats et l\u2019association sportive), le directeur de\nl\u2019\u00e9cole du village, les personnalit\u00e9s du village o\u00f9 qu\u2019elles soient, m\u00eame les\nautorit\u00e9s locales et r\u00e9gionales ont \u00e9t\u00e9 mises au courant et invit\u00e9es \u00e0 y\nparticiper. <\/p>\n\n\n\n<p style=\"text-align:justify\">La particularit\u00e9 de ce projet dans sa premi\u00e8re phase est qu\u2019il a \u00e9t\u00e9 r\u00e9alis\u00e9 dans sa totalit\u00e9 gr\u00e2ce \u00e0 de g\u00e9n\u00e9reux donateurs de diff\u00e9rents horizons (Entreprises  priv\u00e9es, commer\u00e7ants, entrepreneurs, institutions publiques, \u00e9coles nationales, donateurs particuliers locaux et immigr\u00e9s), certains de ces donateurs ne souhaitent m\u00eame pas d\u00e9voiler  leur identit\u00e9. <\/p>\n\n\n\n<p style=\"text-align:justify\">Le projet dans sa premi\u00e8re phase a concern\u00e9 la mise en place d\u2019une salle informatique comportant une dizaine de micro-ordinateurs, un r\u00e9seau local moderne, deux connexions Internet (4G) avec les principaux operateurs de t\u00e9l\u00e9com en Alg\u00e9rie, deux imprimantes, un photocopieur, une dizaine de tables et de chaises flambant neuf et confortables, la salle d\u2019informatique est totalement climatis\u00e9e.<\/p>\n\n\n\n<p style=\"text-align:justify\">Les deux salles adjacentes \u00e0 la salle d\u2019informatique abritent le fond documentaire de la biblioth\u00e8que. L\u00e0  aussi, on y trouve des rayonnages flambant neufs, g\u00e9n\u00e9rosit\u00e9 d\u2019une donatrice qui a requise l\u2019anonymat. Une entreprise Algero-Canadienne y a aussi contribu\u00e9 en partie dans l\u2019acquisition de ces rayonnages. &nbsp;Bien que modeste, pour l\u2019instant, le  fonds compte d\u00e9j\u00e0, pas moins de mille ouvrages et des promesses de dons continuent \u00e0 rentrer chez la coordinatrice du projet. Il est \u00e0 souligner l\u2019excellent travail accomplit par la conservatrice de la biblioth\u00e8que Mme Ourahmoune (B\u00e9n\u00e9vole de premi\u00e8re heure) pour nettoyer, arranger et recenser tous les titres sur les rayonnages afin de les rendre disponibles aux utilisateurs, la conservatrice de la biblioth\u00e8que se rend disponible b\u00e9n\u00e9volement, tous les jours de la semaine de 16h00 \u00e0 18h00. <\/p>\n\n\n\n<p style=\"text-align:justify\">Le hall central de la b\u00e2tisse a \u00e9t\u00e9 r\u00e9nov\u00e9 dans sa totalit\u00e9. L\u2019\u00e9cole nationale des beaux-arts, partenaire de ce projet depuis le d\u00e9but, en y impliquant un groupe de ses \u00e9tudiants dans la confection de fresques et en y apportant nombre de conseils,  elle a aussi particip\u00e9 avec la r\u00e9alisation d\u2019une exposition de photos permanente qui d\u00e9sormais orne les murs du hall central. L\u2019exposition est intitul\u00e9e \u00ab <strong>Paysages d\u2019Ighil-Bougeuni<\/strong> \u00bb, les photos tr\u00e8s bien r\u00e9alis\u00e9es, g\u00e9n\u00e9rosit\u00e9 des \u00e9l\u00e8ves de cette \u00e9cole et de Timlilith-IB avec l\u2019accord de Boudjema Mouffok auteur de six des vingt photos de l\u2019expo. L\u2019encadrement de ces photos 35X40 cm a \u00e9t\u00e9 r\u00e9alis\u00e9 par une galerie d\u2019art sp\u00e9cialis\u00e9e. Cette exposition professionnelle met en valeur notre village et ses beaux paysages.&nbsp;&nbsp; &nbsp;<\/p>\n\n\n\n<p style=\"text-align:justify\">La premi\u00e8re phase du projet a permis la r\u00e9novation totale du niveau 0 de la maison de jeunes. Des espaces ont \u00e9t\u00e9 ainsi d\u00e9gag\u00e9s afin d\u2019abriter une salle artistique o\u00f9 la chorale d\u2019Ighil-Bougueni peut y trouver refuge apr\u00e8s une longue attente et des allers-retours au cin\u00e9ma de Ain-El-Hammam pour des r\u00e9p\u00e9titions. Notre chorale est de retour au village gr\u00e2ce \u00e0 ce projet. La prochaine phase de ce projet permettra de doter cette  salle des arts avec des instruments et des \u00e9quipements ad\u00e9quats \u00e0 la pratique.<\/p>\n\n\n\n<p style=\"text-align:justify\">Enfin, nous souhaitons exprimer notre gratitude \u00e0 tous ceux qui, de pr\u00e8s\nou de loin, ont contribu\u00e9 \u00e0 la r\u00e9alisation de ce bel ouvrage, outil\nindispensable dans la vie d\u2019une soci\u00e9t\u00e9. <\/p>\n\n\n\n<p>\u00ab Ce n&rsquo;est pas le champ qui nourrit, c&rsquo;est la culture \u00bb Proverbe Russe. &nbsp;&nbsp;&nbsp;&nbsp;<\/p>\n\n\n\n<p style=\"text-align:justify\">Une autre bonne nouvelle qui vient dans le sillage de ce projet, c\u2019est l\u2019inscription du village Ighil-Bougueni au concours Rabah Aissat, \u00e9dition 2019. En effet, dans la lanc\u00e9e des r\u00e9alisations  successives et soutenues dans notre village, il a paru normal \u00e0 la coordinatrice de ce projet, en commun accord avec les associations du village de d\u00e9poser la candidature de notre village \u00e0 ce concours.  \u201cNous participons pour gagner\u2026\u201d assure-t-elle, nous faisons confiance \u00e0 nos concitoyens du village, ils sont capables de relever le d\u00e9fi et nous n\u2019avons rien \u00e0 envier \u00e0 tous les villages qui ont remport\u00e9 les \u00e9ditions pr\u00e9c\u00e9dentes de ce concours. L\u2019inscription est faite, l\u2019appel est lanc\u00e9. Une inspection sera conduite par la commission Rabah Aissat courant septembre prochain. L\u2019histoire du village Ighil-Bougeuni s\u2019\u00e9crit au pr\u00e9sent.<\/p>\n\n\n\n<p style=\"text-align:justify\">Nous partageons avec nos lecteurs un article du journal \u00ab La d\u00e9p\u00eache de Kabylie \u00bb qui a couvert l\u2019\u00e9v\u00e9nement de l\u2019inauguration. Aussi, vous  trouverez quelques photos immortalis\u00e9es lors de cette inauguration. &nbsp;<\/p>\n\n\n\n<p><a href=\"https:\/\/www.depechedekabylie.com\/kabylie\/tizi-ouzou\/inauguration-dune-bibliotheque\/\">La d\u00e9p\u00eache de Kabylie<\/a><\/p>\n\n\n\n<p>Aussi, voici quelques photos de cet  \u00e9v\u00e9nement<\/p>\n\n\n\n<div class=\"wp-block-gmedia-album gmedia-shortcode\"><div class=\"gmedia_gallery gmediaShortcodeError\" data-gmid=\"28\" data-error=\"phantom: folder missed or module broken\"><\/div><\/div>\n\n\n\n<p>Timlilith-IB<\/p>\n","protected":false},"excerpt":{"rendered":"<p>C\u2019est par une belle journ\u00e9e d\u2019un Vendredi ensoleill\u00e9, le 9-Aout-2019 qu\u2019a eu lieu l\u2019inauguration de la biblioth\u00e8que d\u2019Ighil-Bougueni. Un \u00e9v\u00e9nement et une r\u00e9alisation qui s\u2019ajoutent \u00e0 celles d\u00e9j\u00e0 acquises et immortalis\u00e9es par le pass\u00e9. Apr\u00e8s une ann\u00e9e de travail collectif acharn\u00e9, de d\u00e9termination \u00e0 arracher cette maison de jeunes de la d\u00e9gradation et de l\u2019oubli &hellip; <a href=\"https:\/\/www.timlilith-ib.fr\/?p=25800\" class=\"more-link\">Continuer la lecture de <span class=\"screen-reader-text\">Inauguration de la biblioth\u00e8que d\u2019Ighil-Bougueni<\/span>  <span class=\"meta-nav\">&rarr;<\/span><\/a><\/p>\n","protected":false},"author":1,"featured_media":0,"comment_status":"open","ping_status":"open","sticky":false,"template":"","format":"standard","meta":{"_jetpack_memberships_contains_paid_content":false,"footnotes":""},"categories":[21,239],"tags":[289,179,159],"class_list":["post-25800","post","type-post","status-publish","format-standard","hentry","category-infos-village","category-projets","tag-bibliotheque-au-village-ighil-bougueni","tag-concours-rabah-aissat","tag-maison-de-jeunes-ighil-bougueni"],"jetpack_featured_media_url":"","jetpack_sharing_enabled":true,"_links":{"self":[{"href":"https:\/\/www.timlilith-ib.fr\/index.php?rest_route=\/wp\/v2\/posts\/25800","targetHints":{"allow":["GET"]}}],"collection":[{"href":"https:\/\/www.timlilith-ib.fr\/index.php?rest_route=\/wp\/v2\/posts"}],"about":[{"href":"https:\/\/www.timlilith-ib.fr\/index.php?rest_route=\/wp\/v2\/types\/post"}],"author":[{"embeddable":true,"href":"https:\/\/www.timlilith-ib.fr\/index.php?rest_route=\/wp\/v2\/users\/1"}],"replies":[{"embeddable":true,"href":"https:\/\/www.timlilith-ib.fr\/index.php?rest_route=%2Fwp%2Fv2%2Fcomments&post=25800"}],"version-history":[{"count":0,"href":"https:\/\/www.timlilith-ib.fr\/index.php?rest_route=\/wp\/v2\/posts\/25800\/revisions"}],"wp:attachment":[{"href":"https:\/\/www.timlilith-ib.fr\/index.php?rest_route=%2Fwp%2Fv2%2Fmedia&parent=25800"}],"wp:term":[{"taxonomy":"category","embeddable":true,"href":"https:\/\/www.timlilith-ib.fr\/index.php?rest_route=%2Fwp%2Fv2%2Fcategories&post=25800"},{"taxonomy":"post_tag","embeddable":true,"href":"https:\/\/www.timlilith-ib.fr\/index.php?rest_route=%2Fwp%2Fv2%2Ftags&post=25800"}],"curies":[{"name":"wp","href":"https:\/\/api.w.org\/{rel}","templated":true}]}}