{"id":29759,"date":"2025-02-02T21:14:34","date_gmt":"2025-02-02T20:14:34","guid":{"rendered":"https:\/\/www.timlilith-ib.fr\/?p=29759"},"modified":"2025-02-03T12:37:30","modified_gmt":"2025-02-03T11:37:30","slug":"fete-du-village-2025-le-programme-et-dernieres-consignes","status":"publish","type":"post","link":"https:\/\/www.timlilith-ib.fr\/?p=29759","title":{"rendered":"F\u00eate du village 2025&#8230; le programme et les derni\u00e8res consignes"},"content":{"rendered":"<div id=\"fb-root\"><\/div>\n<p style=\"text-align: justify;\">Bonjour \u00e0 toutes et tous,<\/p>\n<p style=\"text-align: justify;\">Apr\u00e8s plusieurs semaines de pr\u00e9paration, voici les derni\u00e8res informations concernant notre f\u00eate du Samedi 8 f\u00e9vrier 2025. Nous attendons les inscrits \u00e0 cette f\u00eate pour une soir\u00e9e que nous esp\u00e9rons familiale et festive.<\/p>\n<p style=\"text-align: justify;\"><strong>Inscriptions cl\u00f4tur\u00e9es <\/strong>: Nous avons atteint la capacit\u00e9 maximale de la salle qui nous accueillera <span id=\"more-29109\"><\/span>(Nous serons un peu plus de 300!!). De ce fait, nous ne pouvons plus accepter d\u2019inscriptions suppl\u00e9mentaires.<!--more--><\/p>\n<p style=\"text-align: justify;\"><span style=\"font-size: 14pt;\"><strong>Arriv\u00e9e:<\/strong> <\/span>Nous vous attendons \u00e0 la salle <span style=\"color: #0000ff; font-size: 14pt;\"><strong>\u00e0 partir de 18h.<\/strong><\/span><\/p>\n<p style=\"text-align: justify;\">A votre arriv\u00e9e, l\u2019\u00e9quipe des organisateurs sera pr\u00e9sente \u00e0 l\u2019entr\u00e9e pour vous accueillir et vous permettre d\u2019acc\u00e9der \u00e0 la salle. <strong>Souvenez vous du nom de l\u2019organisateur qui vous as inscris<\/strong>. Il sera l\u00e0 au c\u00f4t\u00e9 du pr\u00e9sident et de tr\u00e9sorier de l\u2019association.<\/p>\n<p style=\"text-align: justify;\">Si vous trouvez du monde attendant \u00e0 l\u2019accueil pour entrer, <strong>soyez patients et attendez votre tour.<\/strong> L\u2019\u00e9quipe de Timlilith sera l\u00e0 pour que les choses se fassent le plus vite possible dans le calme.<\/p>\n<p style=\"text-align: justify;\">Une fois entr\u00e9 dans la salle, le <strong>placement est libre sauf pour <\/strong>les tables r\u00e9serv\u00e9es aux invit\u00e9s de Timlilith.<\/p>\n<p style=\"text-align: justify;\">Il n\u2019est malheureusement <strong>pas pr\u00e9vu de baby-sitters<\/strong> ni de pi\u00e8ce sp\u00e9cifique pour les enfants. Nous demandons donc aux parents de veiller \u00e0 leurs enfants afin d&rsquo;\u00e9viter tout incident.<\/p>\n<table style=\"background-color: #76abe8;\">\n<tbody>\n<tr>\n<td><span style=\"font-size: 14pt; color: #ffffff;\"><strong>Le Programme<\/strong><\/span><\/td>\n<\/tr>\n<\/tbody>\n<\/table>\n<ul>\n<li><strong>18 h<\/strong> : D\u00e9but de soir\u00e9e.<\/li>\n<li><strong>Avant le d\u00eener : <\/strong>Hommage.<\/li>\n<li><strong>20 h : Le diner. <\/strong>Au menu :\n<ul>\n<li>Plat : Couscous maison<\/li>\n<li>Dessert : Fruits de saison<\/li>\n<li>Boisson : Eau, jus de fruits et sodas<\/li>\n<li>Caf\u00e9, th\u00e9 et g\u00e2teaux (servis \u00e0 table)<\/li>\n<\/ul>\n<\/li>\n<li><strong>Le programme musical (tout le long de la soir\u00e9e, en altern\u00e9)<\/strong>\n<ul>\n<li>Idhebalen<\/li>\n<li>DJ Samir<\/li>\n<\/ul>\n<\/li>\n<\/ul>\n<div style=\"text-align: justify;\">Si vous souhaitez apporter des plats, g\u00e2teaux, boissons pour \u00e9gayer ce diner, ils sont \u00e9videmment les bienvenus.<\/div>\n<div><\/div>\n<div>\n<ul>\n<li style=\"text-align: justify;\"><strong>La tombola :<\/strong>\n<ul>\n<li style=\"list-style-type: none;\">\n<ul>\n<li style=\"text-align: justify;\">Au moins 9 lots \u00e0 gagner (notamment 1 billet d&rsquo;avion A\/R vers l\u2019Alg\u00e9rie, un t\u00e9l\u00e9viseur \u00e9cran plat, montres connect\u00e9es&#8230;).<\/li>\n<li style=\"text-align: justify;\">Prix des <strong>tickets de tombola : 2.5 \u20ac l&rsquo;unit\u00e9<\/strong><\/li>\n<li style=\"text-align: justify;\"><strong>Points de vente : <\/strong>soit \u00e0 l\u2019accueil, soit \u00e0 table directement (vente ambulante par l&rsquo;\u00e9quipe \u00ab\u00a0tombola\u00a0\u00bb).<\/li>\n<\/ul>\n<\/li>\n<\/ul>\n<\/li>\n<\/ul>\n<ul>\n<li style=\"text-align: justify;\"><strong>Dons :<\/strong> Pour celles et ceux qui souhaitent le faire,<strong> 1 urne<\/strong> sera aussi \u00e0 votre disposition pour <strong>vos dons<\/strong> pour l\u2019association (ou directement au tr\u00e9sorier de l\u2019association).<\/li>\n<\/ul>\n<p style=\"text-align: justify;\">Enfin, un(e) photographe sera charg\u00e9(e) par Timlilith-Ighil Bougueni de r\u00e9aliser un <strong>album photos et vid\u00e9os<\/strong> de cette f\u00eate qui seront diffus\u00e9es sur ce site et sur nos r\u00e9seaux sociaux. Si vous ne souhaitez ne pas y figurer, il vous suffira de le pr\u00e9ciser au photographe.<span id=\"yui_3_16_0_ym19_1_1485526815776_38507\" lang=\"FR-CA\"><\/span><\/p>\n<\/div>\n<div style=\"text-align: justify;\">Cette f\u00eate \u00e9tant <strong>totalement organis\u00e9e par les b\u00e9n\u00e9voles de Timlilith-Ighil-Bougueni<\/strong> (cuisine, service, r\u00e9gulation, animation), merci de leur faciliter les choses au maximum et de respecter un minimum de discipline.<\/div>\n<div style=\"text-align: justify;\"><\/div>\n<div style=\"text-align: justify;\">Vous trouverez, ci-dessous, les indications pour vous rendre \u00e0 la salle \u00ab le Prestige\u00bb en voiture ou en transports en commun.<\/div>\n<div><\/div>\n<div style=\"text-align: justify;\">Au plaisir de nous retrouver ce samedi 08\/02\/2025 pour partager une agr\u00e9able soir\u00e9e.<\/div>\n<div><\/div>\n<div style=\"text-align: justify;\">\n<p style=\"text-align: justify;\"><strong>Timlilith-Ighil Bougueni<\/strong><\/p>\n<hr \/>\n<\/div>\n<table style=\"background-color: #76abe8;\">\n<tbody>\n<tr>\n<td>\n<h1 style=\"text-align: justify;\"><span style=\"font-size: 14pt; color: #ffffff;\">Pour vous rendre \u00e0 la <strong>salle \u00abLe prestige\u00bb<\/strong> situ\u00e9e au 9 Rue Charles Fran\u00e7ois Daubigny \u00e0 Bezons<\/span><\/h1>\n<\/td>\n<\/tr>\n<\/tbody>\n<\/table>\n<ul>\n<li><strong>En voiture (<\/strong>Depuis Paris Porte Maillot) :<\/li>\n<\/ul>\n<div style=\"text-align: justify;\">\n<div id=\"group_0_0\" class=\"FueNo closed\" style=\"text-align: justify;\" data-groupindex=\"0\" data-hideableid=\"hideable_nontransit_0_0\" data-pathindex=\"0\">\n<div class=\"Knz8tf\" data-groupid=\"group_0_0\">\n<ul>\n<li style=\"list-style-type: none;\">\n<ul>\n<li id=\"directions-mode-group-title_0_0\" class=\"JoXhkf fontBodyMedium\"><span class=\"mjzU4e mTOalf\"><span class=\"JxBYrc pk9Qwb \" dir=\"ltr\">Continuer en direction de <\/span><\/span><span class=\"mjzU4e mTOalf\"><span class=\"JxBYrc pk9Qwb \" dir=\"ltr\">Courbevoie.<\/span><\/span><\/li>\n<li class=\"JoXhkf fontBodyMedium\"><span class=\"JxBYrc pk9Qwb \" dir=\"ltr\">Continuer sur l&rsquo;<\/span><span class=\"mjzU4e mTOalf\"><span class=\"JxBYrc pk9Qwb PpN7xc\" dir=\"ltr\">A14<\/span><\/span><span class=\"mjzU4e mTOalf\"><span class=\"JxBYrc pk9Qwb \" dir=\"ltr\">.<\/span><\/span><\/li>\n<li class=\"JoXhkf fontBodyMedium\"><span class=\"JxBYrc pk9Qwb \" dir=\"ltr\">Prendre l&rsquo;<\/span><span class=\"mjzU4e mTOalf\"><span class=\"JxBYrc pk9Qwb PpN7xc\" dir=\"ltr\">A86<\/span><\/span><span class=\"mjzU4e mTOalf\"><span class=\"JxBYrc pk9Qwb \" dir=\"ltr\"> en direction de <\/span><\/span><span class=\"mjzU4e mTOalf\"><span class=\"JxBYrc pk9Qwb PpN7xc\" dir=\"ltr\">Bd Charles de Gaulle<\/span><\/span><span class=\"mjzU4e mTOalf\"><span class=\"JxBYrc pk9Qwb \" dir=\"ltr\">\/<\/span><\/span><span class=\"mjzU4e mTOalf\"><span class=\"JxBYrc pk9Qwb PpN7xc\" dir=\"ltr\">Bd du Havre<\/span><\/span><span class=\"mjzU4e mTOalf\"><span class=\"JxBYrc pk9Qwb \" dir=\"ltr\">\/<\/span><\/span><span class=\"mjzU4e mTOalf\"><span class=\"JxBYrc pk9Qwb PpN7xc\" dir=\"ltr\">D992<\/span><\/span><span class=\"mjzU4e mTOalf\"><span class=\"JxBYrc pk9Qwb \" dir=\"ltr\"> \u00e0 <\/span><\/span><span class=\"mjzU4e mTOalf\"><span class=\"JxBYrc pk9Qwb \" dir=\"ltr\">Colombes<\/span><\/span><span class=\"mjzU4e mTOalf\"><span class=\"JxBYrc pk9Qwb \" dir=\"ltr\">.<\/span><\/span><\/li>\n<li class=\"JoXhkf fontBodyMedium\"><span class=\"JxBYrc pk9Qwb \" dir=\"ltr\">Prendre la sortie <\/span><span class=\"mjzU4e mTOalf\"><span class=\"JxBYrc pk9Qwb PpN7xc\" dir=\"ltr\">2b-Bezons<\/span><\/span><span class=\"mjzU4e mTOalf\"><span class=\"JxBYrc pk9Qwb \" dir=\"ltr\"> et quitter <\/span><\/span><span class=\"mjzU4e mTOalf\"><span class=\"JxBYrc pk9Qwb PpN7xc\" dir=\"ltr\">A86.<\/span><\/span><\/li>\n<li class=\"JoXhkf fontBodyMedium\"><span class=\"JxBYrc pk9Qwb \" dir=\"ltr\">Continuer sur <\/span><span class=\"mjzU4e mTOalf\"><span class=\"JxBYrc pk9Qwb PpN7xc\" dir=\"ltr\">D992<\/span><\/span><span class=\"mjzU4e mTOalf\"><span class=\"JxBYrc pk9Qwb \" dir=\"ltr\"> en direction de votre destination<\/span><\/span><span class=\"mjzU4e mTOalf\"><span class=\"JxBYrc pk9Qwb \" dir=\"ltr\">.<\/span><\/span><\/li>\n<li class=\"JoXhkf fontBodyMedium\">L&rsquo;enseigne de la salle \u00ab\u00a0le prestige\u00a0\u00bb est \u00e0 c\u00f4te de celle du \u00ab\u00a0Royal Kids\u00a0\u00bb et partagent le m\u00eame parking.<\/li>\n<\/ul>\n<\/li>\n<\/ul>\n<figure id=\"attachment_29770\" aria-describedby=\"caption-attachment-29770\" style=\"width: 1926px\" class=\"wp-caption aligncenter\"><img loading=\"lazy\" decoding=\"async\" class=\"wp-image-29770 size-full\" src=\"https:\/\/www.timlilith-ib.fr\/wp-content\/uploads\/2025\/02\/Acces-Parking.png\" alt=\"\" width=\"1926\" height=\"804\" data-wp-pid=\"29770\" srcset=\"https:\/\/www.timlilith-ib.fr\/wp-content\/uploads\/2025\/02\/Acces-Parking.png 1926w, https:\/\/www.timlilith-ib.fr\/wp-content\/uploads\/2025\/02\/Acces-Parking-600x250.png 600w, https:\/\/www.timlilith-ib.fr\/wp-content\/uploads\/2025\/02\/Acces-Parking-1536x641.png 1536w, https:\/\/www.timlilith-ib.fr\/wp-content\/uploads\/2025\/02\/Acces-Parking-1320x551.png 1320w\" sizes=\"auto, (max-width: 1926px) 100vw, 1926px\" \/><figcaption id=\"caption-attachment-29770\" class=\"wp-caption-text\">Acc\u00e8s au parking<\/figcaption><\/figure>\n<figure id=\"attachment_29771\" aria-describedby=\"caption-attachment-29771\" style=\"width: 2072px\" class=\"wp-caption aligncenter\"><img loading=\"lazy\" decoding=\"async\" class=\"wp-image-29771 size-full\" src=\"https:\/\/www.timlilith-ib.fr\/wp-content\/uploads\/2025\/02\/Entree-salle.png\" alt=\"\" width=\"2072\" height=\"1009\" data-wp-pid=\"29771\" srcset=\"https:\/\/www.timlilith-ib.fr\/wp-content\/uploads\/2025\/02\/Entree-salle.png 2072w, https:\/\/www.timlilith-ib.fr\/wp-content\/uploads\/2025\/02\/Entree-salle-600x292.png 600w, https:\/\/www.timlilith-ib.fr\/wp-content\/uploads\/2025\/02\/Entree-salle-1536x748.png 1536w, https:\/\/www.timlilith-ib.fr\/wp-content\/uploads\/2025\/02\/Entree-salle-2048x997.png 2048w, https:\/\/www.timlilith-ib.fr\/wp-content\/uploads\/2025\/02\/Entree-salle-1320x643.png 1320w\" sizes=\"auto, (max-width: 2072px) 100vw, 2072px\" \/><figcaption id=\"caption-attachment-29771\" class=\"wp-caption-text\">Localisation de l&rsquo;entr\u00e9e de la salle<\/figcaption><\/figure>\n<\/div>\n<\/div>\n<\/div>\n<div style=\"text-align: justify;\"><\/div>\n<ul>\n<li style=\"text-align: justify;\"><strong>En transports en commun:<\/strong><\/li>\n<\/ul>\n<p style=\"padding-left: 40px; text-align: justify;\">Quelque soit le trajet adopt\u00e9, il faudra une marche d&rsquo;au moins <strong>20 mn<\/strong> \u00e0 partir des gares m\u00e9tro\/tramway\/train \u00e0 proximit\u00e9.\u00a0 Il existe une possibilit\u00e9 de rallier la salle \u00e0 partir de la gare de \u00ab\u00a0Houilles &#8211; Carri\u00e8res-sur-Seine\u00a0\u00bb par le <strong>bus 34<\/strong>.<\/p>\n<ul>\n<li style=\"list-style-type: none;\">\n<ul>\n<li style=\"list-style-type: none;\">\n<ul>\n<li style=\"text-align: justify;\">Prendre le RER A direction Cergy le Haut.<\/li>\n<li style=\"text-align: justify;\">Sortir \u00e0 l&rsquo;arr\u00eat \u00ab\u00a0Houilles &#8211; Carri\u00e8res-sur-Seine\u00a0\u00bb.<\/li>\n<li style=\"text-align: justify;\">Prendre le bus 34 (Keolis) direction \u00ab\u00a0March\u00e9 des C\u00f4teaux\u00a0\u00bb (attention dernier bus \u00e0 21h20 le samedi).<\/li>\n<li style=\"text-align: justify;\">Descendre \u00e0 l&rsquo;arr\u00eat \u00ab\u00a0Daubigny\u00a0\u00bb<\/li>\n<\/ul>\n<\/li>\n<\/ul>\n<\/li>\n<\/ul>\n","protected":false},"excerpt":{"rendered":"<p>Bonjour \u00e0 toutes et tous, Apr\u00e8s plusieurs semaines de pr\u00e9paration, voici les derni\u00e8res informations concernant notre f\u00eate du Samedi 8 f\u00e9vrier 2025. Nous attendons les inscrits \u00e0 cette f\u00eate pour une soir\u00e9e que nous esp\u00e9rons familiale et festive. Inscriptions cl\u00f4tur\u00e9es : Nous avons atteint la capacit\u00e9 maximale de la salle qui nous accueillera (Nous serons &hellip; <a href=\"https:\/\/www.timlilith-ib.fr\/?p=29759\" class=\"more-link\">Continuer la lecture de <span class=\"screen-reader-text\">F\u00eate du village 2025&#8230; le programme et les derni\u00e8res consignes<\/span>  <span class=\"meta-nav\">&rarr;<\/span><\/a><\/p>\n","protected":false},"author":1,"featured_media":29774,"comment_status":"open","ping_status":"open","sticky":false,"template":"","format":"standard","meta":{"_jetpack_memberships_contains_paid_content":false,"footnotes":""},"categories":[245,1],"tags":[],"class_list":["post-29759","post","type-post","status-publish","format-standard","has-post-thumbnail","hentry","category-fete-du-village","category-infos"],"jetpack_featured_media_url":"https:\/\/www.timlilith-ib.fr\/wp-content\/uploads\/2025\/02\/Salle-Le-Prestige.jpg","jetpack_sharing_enabled":true,"_links":{"self":[{"href":"https:\/\/www.timlilith-ib.fr\/index.php?rest_route=\/wp\/v2\/posts\/29759","targetHints":{"allow":["GET"]}}],"collection":[{"href":"https:\/\/www.timlilith-ib.fr\/index.php?rest_route=\/wp\/v2\/posts"}],"about":[{"href":"https:\/\/www.timlilith-ib.fr\/index.php?rest_route=\/wp\/v2\/types\/post"}],"author":[{"embeddable":true,"href":"https:\/\/www.timlilith-ib.fr\/index.php?rest_route=\/wp\/v2\/users\/1"}],"replies":[{"embeddable":true,"href":"https:\/\/www.timlilith-ib.fr\/index.php?rest_route=%2Fwp%2Fv2%2Fcomments&post=29759"}],"version-history":[{"count":20,"href":"https:\/\/www.timlilith-ib.fr\/index.php?rest_route=\/wp\/v2\/posts\/29759\/revisions"}],"predecessor-version":[{"id":29787,"href":"https:\/\/www.timlilith-ib.fr\/index.php?rest_route=\/wp\/v2\/posts\/29759\/revisions\/29787"}],"wp:featuredmedia":[{"embeddable":true,"href":"https:\/\/www.timlilith-ib.fr\/index.php?rest_route=\/wp\/v2\/media\/29774"}],"wp:attachment":[{"href":"https:\/\/www.timlilith-ib.fr\/index.php?rest_route=%2Fwp%2Fv2%2Fmedia&parent=29759"}],"wp:term":[{"taxonomy":"category","embeddable":true,"href":"https:\/\/www.timlilith-ib.fr\/index.php?rest_route=%2Fwp%2Fv2%2Fcategories&post=29759"},{"taxonomy":"post_tag","embeddable":true,"href":"https:\/\/www.timlilith-ib.fr\/index.php?rest_route=%2Fwp%2Fv2%2Ftags&post=29759"}],"curies":[{"name":"wp","href":"https:\/\/api.w.org\/{rel}","templated":true}]}}