{"id":29842,"date":"2025-03-30T13:20:25","date_gmt":"2025-03-30T11:20:25","guid":{"rendered":"https:\/\/www.timlilith-ib.fr\/?p=29842"},"modified":"2025-03-30T13:44:38","modified_gmt":"2025-03-30T11:44:38","slug":"laid-tamervuht","status":"publish","type":"post","link":"https:\/\/www.timlilith-ib.fr\/?p=29842","title":{"rendered":"L\u2019A\u00efd Tamervuht !"},"content":{"rendered":"<div id=\"fb-root\"><\/div>\n<div dir=\"auto\" style=\"text-align: justify;\">Chers lecteurs,<\/div>\n<div dir=\"auto\" style=\"text-align: justify;\"><img loading=\"lazy\" decoding=\"async\" class=\" wp-image-29838 aligncenter\" style=\"text-align: start;\" src=\"https:\/\/www.timlilith-ib.fr\/wp-content\/uploads\/2025\/03\/Aid-1.png\" alt=\"\" width=\"412\" height=\"505\" data-wp-pid=\"29838\" \/><\/div>\n<div dir=\"auto\" style=\"text-align: justify;\">En cette occasion d\u2019A\u00efd el-Fitr, nous tenons \u00e0 vous adresser nos v\u0153ux les plus sinc\u00e8res pour cette f\u00eate exceptionnelle.<\/div>\n<div dir=\"auto\" style=\"text-align: justify;\"><\/div>\n<div dir=\"auto\" style=\"text-align: justify;\">L\u2019A\u00efd el-Fitr, qui marque la fin du mois de Ramadan, est un moment de joie et de partage pour des millions de personnes \u00e0 travers le monde. C\u2019est une p\u00e9riode o\u00f9 les familles se retrouvent, o\u00f9 l\u2019on c\u00e9l\u00e8bre la g\u00e9n\u00e9rosit\u00e9 et o\u00f9 l\u2019esprit de solidarit\u00e9 est primordial.<\/div>\n<p><!--more--><\/p>\n<div dir=\"auto\" style=\"text-align: justify;\"><\/div>\n<div dir=\"auto\" style=\"text-align: justify;\">Depuis notre enfance, durant l\u2019A\u00efd, il est traditionnel de porter de nouveaux v\u00eatements, de partager un repas avec ses proches et d\u2019\u00e9changer des cadeaux. C\u2019est \u00e9galement pour bon nombre d\u2019entre nous moment de r\u00e9flexion o\u00f9 l\u2019on se souvient de nos valeurs essentielles telles que la compassion, le pardon et la g\u00e9n\u00e9rosit\u00e9.<\/div>\n<div dir=\"auto\" style=\"text-align: justify;\"><\/div>\n<div dir=\"auto\" style=\"text-align: justify;\">En cette belle occasion, nous vous souhaitons \u00e0 toutes\u00a0 et \u00e0 tous un moment de bonheur et de paix. Que cette f\u00eate vous apporte sant\u00e9, bonheur et harmonie. Profitez de chaque instant avec vos proches, et que l\u2019esprit de ce moment de partage illumine vos c\u0153urs.<\/div>\n<div dir=\"auto\" style=\"text-align: justify;\"><\/div>\n<div dir=\"auto\" style=\"text-align: justify;\">L\u2019A\u00efd Tamervuht !<\/div>\n<div dir=\"auto\"><\/div>\n<div dir=\"auto\"><\/div>\n<div dir=\"auto\">Timlilith Ighil Bougueni.<\/div>\n","protected":false},"excerpt":{"rendered":"<p>Chers lecteurs, En cette occasion d\u2019A\u00efd el-Fitr, nous tenons \u00e0 vous adresser nos v\u0153ux les plus sinc\u00e8res pour cette f\u00eate exceptionnelle. L\u2019A\u00efd el-Fitr, qui marque la fin du mois de Ramadan, est un moment de joie et de partage pour des millions de personnes \u00e0 travers le monde. C\u2019est une p\u00e9riode o\u00f9 les familles se &hellip; <a href=\"https:\/\/www.timlilith-ib.fr\/?p=29842\" class=\"more-link\">Continuer la lecture de <span class=\"screen-reader-text\">L\u2019A\u00efd Tamervuht !<\/span>  <span class=\"meta-nav\">&rarr;<\/span><\/a><\/p>\n","protected":false},"author":1,"featured_media":0,"comment_status":"open","ping_status":"open","sticky":false,"template":"","format":"standard","meta":{"_jetpack_memberships_contains_paid_content":false,"footnotes":""},"categories":[1],"tags":[],"class_list":["post-29842","post","type-post","status-publish","format-standard","hentry","category-infos"],"jetpack_featured_media_url":"","jetpack_sharing_enabled":true,"_links":{"self":[{"href":"https:\/\/www.timlilith-ib.fr\/index.php?rest_route=\/wp\/v2\/posts\/29842","targetHints":{"allow":["GET"]}}],"collection":[{"href":"https:\/\/www.timlilith-ib.fr\/index.php?rest_route=\/wp\/v2\/posts"}],"about":[{"href":"https:\/\/www.timlilith-ib.fr\/index.php?rest_route=\/wp\/v2\/types\/post"}],"author":[{"embeddable":true,"href":"https:\/\/www.timlilith-ib.fr\/index.php?rest_route=\/wp\/v2\/users\/1"}],"replies":[{"embeddable":true,"href":"https:\/\/www.timlilith-ib.fr\/index.php?rest_route=%2Fwp%2Fv2%2Fcomments&post=29842"}],"version-history":[{"count":3,"href":"https:\/\/www.timlilith-ib.fr\/index.php?rest_route=\/wp\/v2\/posts\/29842\/revisions"}],"predecessor-version":[{"id":29845,"href":"https:\/\/www.timlilith-ib.fr\/index.php?rest_route=\/wp\/v2\/posts\/29842\/revisions\/29845"}],"wp:attachment":[{"href":"https:\/\/www.timlilith-ib.fr\/index.php?rest_route=%2Fwp%2Fv2%2Fmedia&parent=29842"}],"wp:term":[{"taxonomy":"category","embeddable":true,"href":"https:\/\/www.timlilith-ib.fr\/index.php?rest_route=%2Fwp%2Fv2%2Fcategories&post=29842"},{"taxonomy":"post_tag","embeddable":true,"href":"https:\/\/www.timlilith-ib.fr\/index.php?rest_route=%2Fwp%2Fv2%2Ftags&post=29842"}],"curies":[{"name":"wp","href":"https:\/\/api.w.org\/{rel}","templated":true}]}}