{"id":751,"date":"2012-08-17T03:49:08","date_gmt":"2012-08-17T01:49:08","guid":{"rendered":"http:\/\/www.timlilith-ib.fr\/?p=751"},"modified":"2012-08-31T21:13:56","modified_gmt":"2012-08-31T19:13:56","slug":"la-formation-professionnelle-pour-contrer-le-chomage-le-cas-ighil-bougueni-opinion","status":"publish","type":"post","link":"https:\/\/www.timlilith-ib.fr\/?p=751","title":{"rendered":"La formation professionnelle pour lutter contre le ch\u00f4mage &#8211; Le cas Ighil Bougueni (Opinion)"},"content":{"rendered":"<div id=\"fb-root\"><\/div>\n<p style=\"text-align: justify;\"><span style=\"color: #000000;\">J\u2019ai\u00a0h\u00e9sit\u00e9 avant de me d\u00e9cider \u00e0 mettre en ligne cette opinion sur la formation professionnelle dans notre village Ighil Bougueni et dans toute la commune de Ain El Hammam. Cette h\u00e9sitation vient du fait qu\u2019il y a un manque de donn\u00e9es flagrant quant viens le temps de parler en chiffres de certains sujets qui demeurent tr\u00e8s sensibles et m\u00eame tabous chez nous, comme le ch\u00f4mage, celui-ci a toujours fait l\u2019objet d\u2019une politisation excessive, c\u2019est est un th\u00e8me tr\u00e8s accrocheur durant les compagnes \u00e9lectorales&#8230; <\/span><\/p>\n<p style=\"text-align: justify;\"><span style=\"color: #000000;\">La commune de Ain El Hammam a toujours \u00e9t\u00e9 d\u00e9crite, par la presse Alg\u00e9rienne, comme une commune sinistr\u00e9e o\u00f9 l\u2019emploi est quasi inexistant et o\u00f9 le ch\u00f4mage est la r\u00e8gle. On ne s\u2019attardera pas plus ici sur ce constat qui nous d\u00e9sole, il vous suffit de consulter la presse locale et nationale sur ce sujet pour vous en rendre compte de l\u2019ampleur du probl\u00e8me dans la r\u00e9gion. Au del\u00e0 du constat qui est relay\u00e9 dans la presse Alg\u00e9rienne, est-ce qu\u2019on s\u2019est r\u00e9ellement pose la question suivante: <\/span><\/p>\n<p style=\"text-align: justify;\"><strong><em><span style=\"color: #000000;\">Qu\u2019est-ce qu\u2019il y a lieu de faire pour cr\u00e9er de l\u2019emploi et encourager l\u2019entreprenariat dans cette r\u00e9gion perch\u00e9e au sommet de la montagne?<\/span><\/em><\/strong><\/p>\n<p style=\"text-align: justify;\"><span style=\"color: #000000;\">Pour conna\u00eetre la suite de cet article, rendez-vous <strong><a title=\"Formation pro \u00e0 Ighil Bougueni\" href=\"http:\/\/www.timlilith-ib.fr\/?page_id=763\">ici<\/a>.<\/strong><\/span><\/p>\n<p style=\"text-align: justify;\"><strong><em>Lmouloudh<\/em><\/strong><\/p>\n","protected":false},"excerpt":{"rendered":"<p>J\u2019ai\u00a0h\u00e9sit\u00e9 avant de me d\u00e9cider \u00e0 mettre en ligne cette opinion sur la formation professionnelle dans notre village Ighil Bougueni et dans toute la commune de Ain El Hammam. Cette h\u00e9sitation vient du fait qu\u2019il y a un manque de donn\u00e9es flagrant quant viens le temps de parler en chiffres de certains sujets qui demeurent &hellip; <a href=\"https:\/\/www.timlilith-ib.fr\/?p=751\" class=\"more-link\">Continuer la lecture de <span class=\"screen-reader-text\">La formation professionnelle pour lutter contre le ch\u00f4mage &#8211; Le cas Ighil Bougueni (Opinion)<\/span>  <span class=\"meta-nav\">&rarr;<\/span><\/a><\/p>\n","protected":false},"author":3,"featured_media":0,"comment_status":"open","ping_status":"open","sticky":false,"template":"","format":"standard","meta":{"_jetpack_memberships_contains_paid_content":false,"footnotes":""},"categories":[1],"tags":[31,46],"class_list":["post-751","post","type-post","status-publish","format-standard","hentry","category-infos","tag-ighil-bougueni","tag-la-formation-professionnelle-a-ain-el-hammam"],"jetpack_featured_media_url":"","jetpack_sharing_enabled":true,"_links":{"self":[{"href":"https:\/\/www.timlilith-ib.fr\/index.php?rest_route=\/wp\/v2\/posts\/751","targetHints":{"allow":["GET"]}}],"collection":[{"href":"https:\/\/www.timlilith-ib.fr\/index.php?rest_route=\/wp\/v2\/posts"}],"about":[{"href":"https:\/\/www.timlilith-ib.fr\/index.php?rest_route=\/wp\/v2\/types\/post"}],"author":[{"embeddable":true,"href":"https:\/\/www.timlilith-ib.fr\/index.php?rest_route=\/wp\/v2\/users\/3"}],"replies":[{"embeddable":true,"href":"https:\/\/www.timlilith-ib.fr\/index.php?rest_route=%2Fwp%2Fv2%2Fcomments&post=751"}],"version-history":[{"count":0,"href":"https:\/\/www.timlilith-ib.fr\/index.php?rest_route=\/wp\/v2\/posts\/751\/revisions"}],"wp:attachment":[{"href":"https:\/\/www.timlilith-ib.fr\/index.php?rest_route=%2Fwp%2Fv2%2Fmedia&parent=751"}],"wp:term":[{"taxonomy":"category","embeddable":true,"href":"https:\/\/www.timlilith-ib.fr\/index.php?rest_route=%2Fwp%2Fv2%2Fcategories&post=751"},{"taxonomy":"post_tag","embeddable":true,"href":"https:\/\/www.timlilith-ib.fr\/index.php?rest_route=%2Fwp%2Fv2%2Ftags&post=751"}],"curies":[{"name":"wp","href":"https:\/\/api.w.org\/{rel}","templated":true}]}}