{"id":9430,"date":"2015-05-19T07:00:55","date_gmt":"2015-05-19T05:00:55","guid":{"rendered":"http:\/\/www.timlilith-ib.fr\/?p=9430"},"modified":"2018-06-25T05:24:42","modified_gmt":"2018-06-25T03:24:42","slug":"inscription-au-tournoi-de-football-de-la-journee-du-07062015","status":"publish","type":"post","link":"https:\/\/www.timlilith-ib.fr\/?p=9430","title":{"rendered":"Inscription au tournoi de football de la journ\u00e9e du 07\/06\/2015"},"content":{"rendered":"<div id=\"fb-root\"><\/div>\n<p style=\"text-align: justify;\">Les administrateurs de Timlilith-Ighil Bougueni, r\u00e9unis hier le 17\/05\/2015, informent les personnes int\u00e9ress\u00e9es pour participer aux tournois de football \u00ab\u00a0adultes\u00a0\u00bb et \u00ab\u00a0enfants\u00a0\u00bb organis\u00e9s dans le cadre de la journ\u00e9e familiale \u00abpique-nique &amp; football 2015\u00bb que :<!--more--><\/p>\n<ul>\n<li style=\"text-align: justify;\"><span style=\"color: #ff0000;\"><strong>L&rsquo;inscription pr\u00e9alable est obligatoire <\/strong><\/span>et se fait n\u00e9cessairement sur le formulaire ci-dessous (m\u00eame que celui de l&rsquo;annonce pr\u00e9c\u00e9dente). Les contacts t\u00e9l\u00e9phoniques ou les \u00e9changes verbaux avec les organisateurs de Timlilith-Ighil Bougueni ne valent pas inscription.<\/li>\n<li style=\"text-align: justify;\"><span style=\"color: #ff0000;\"><strong>L\u2019inscription sera close le 1<sup>er<\/sup> juin 2015 \u00e0 minuit<\/strong>.<\/span><\/li>\n<li style=\"text-align: justify;\"><strong><span style=\"color: #ff0000;\">Pour des raisons d&rsquo;organisation, toute personne non inscrite ne pourra pr\u00e9tendre \u00e0 faire partie des \u00e9quipes repr\u00e9sentant Timlilith-Ighil Bougueni le jour du\u00a0<\/span><span style=\"color: #ff0000;\">tournoi<\/span>.<\/strong>\u00a0Les organisateurs veilleront scrupuleusement au respect de cette r\u00e8gle. Merci de votre compr\u00e9hension.<\/li>\n<li style=\"text-align: justify;\">Pour les inscrits, <span style=\"color: #ff0000;\"><strong>un entrainement\u00a0sera organis\u00e9 le 4 juin 2015<\/strong>\u00a0<\/span>lors duquel\u00a0les \u00e9quipes seront constitu\u00e9es. Vous\u00a0serez contact\u00e9s directement par les organisateurs (d\u00e9l\u00e9gu\u00e9s par Timlilith-Ighil Bougueni) qui vous communiqueront le lieu et l&rsquo;horaire du rendez-vous.<\/li>\n<\/ul>\n<p style=\"text-align: justify;\">Plus d&rsquo;informations relatives au d\u00e9roulement du tournoi (poules, horaires, &#8230;.) mais aussi du reste de la journ\u00e9e seront bient\u00f4t disponibles.<\/p>\n<p>En attendant, bonne pr\u00e9paration aux inscrits.<\/p>\n<p><em><strong>Timlilith-Ighil Bougueni<\/strong><\/em><\/p>\n<hr \/>\n<p style=\"text-align: justify;\"><p class=\"wpcf7-contact-form-not-found\"><strong>Erreur\u00a0:<\/strong> Formulaire de contact non trouv\u00e9\u00a0!<\/p><\/p>\n<hr \/>\n","protected":false},"excerpt":{"rendered":"<p>Les administrateurs de Timlilith-Ighil Bougueni, r\u00e9unis hier le 17\/05\/2015, informent les personnes int\u00e9ress\u00e9es pour participer aux tournois de football \u00ab\u00a0adultes\u00a0\u00bb et \u00ab\u00a0enfants\u00a0\u00bb organis\u00e9s dans le cadre de la journ\u00e9e familiale \u00abpique-nique &amp; football 2015\u00bb que :<\/p>\n","protected":false},"author":1,"featured_media":4790,"comment_status":"open","ping_status":"open","sticky":false,"template":"","format":"standard","meta":{"_jetpack_memberships_contains_paid_content":false,"footnotes":""},"categories":[272],"tags":[132],"class_list":["post-9430","post","type-post","status-publish","format-standard","has-post-thumbnail","hentry","category-foot-pique-nique","tag-tournoi-de-foot-inter-villages"],"jetpack_featured_media_url":"https:\/\/www.timlilith-ib.fr\/wp-content\/uploads\/2013\/06\/Tournoi-2013-67.jpg","jetpack_sharing_enabled":true,"_links":{"self":[{"href":"https:\/\/www.timlilith-ib.fr\/index.php?rest_route=\/wp\/v2\/posts\/9430","targetHints":{"allow":["GET"]}}],"collection":[{"href":"https:\/\/www.timlilith-ib.fr\/index.php?rest_route=\/wp\/v2\/posts"}],"about":[{"href":"https:\/\/www.timlilith-ib.fr\/index.php?rest_route=\/wp\/v2\/types\/post"}],"author":[{"embeddable":true,"href":"https:\/\/www.timlilith-ib.fr\/index.php?rest_route=\/wp\/v2\/users\/1"}],"replies":[{"embeddable":true,"href":"https:\/\/www.timlilith-ib.fr\/index.php?rest_route=%2Fwp%2Fv2%2Fcomments&post=9430"}],"version-history":[{"count":0,"href":"https:\/\/www.timlilith-ib.fr\/index.php?rest_route=\/wp\/v2\/posts\/9430\/revisions"}],"wp:featuredmedia":[{"embeddable":true,"href":"https:\/\/www.timlilith-ib.fr\/index.php?rest_route=\/wp\/v2\/media\/4790"}],"wp:attachment":[{"href":"https:\/\/www.timlilith-ib.fr\/index.php?rest_route=%2Fwp%2Fv2%2Fmedia&parent=9430"}],"wp:term":[{"taxonomy":"category","embeddable":true,"href":"https:\/\/www.timlilith-ib.fr\/index.php?rest_route=%2Fwp%2Fv2%2Fcategories&post=9430"},{"taxonomy":"post_tag","embeddable":true,"href":"https:\/\/www.timlilith-ib.fr\/index.php?rest_route=%2Fwp%2Fv2%2Ftags&post=9430"}],"curies":[{"name":"wp","href":"https:\/\/api.w.org\/{rel}","templated":true}]}}